{"id":7133,"date":"2020-10-24T16:04:04","date_gmt":"2020-10-24T14:04:04","guid":{"rendered":"http:\/\/osrace1516.splet.arnes.si\/?p=7133"},"modified":"2021-08-30T11:28:50","modified_gmt":"2021-08-30T09:28:50","slug":"projekt-our-cultures-our-treasures","status":"publish","type":"post","link":"https:\/\/www.osrace.si\/?p=7133","title":{"rendered":"O projektu"},"content":{"rendered":"\n<p>V \u0161olskem letu 2019\/20 se je skupina otrok, ki jih je dru\u017eilo zanimanje za povezovanje z u\u010denci iz drugih evropskih \u0161ol, odlo\u010dila za sodelovanje v eTwinning projektu, v katerem so imeli mo\u017enost raziskovati kulturo na\u0161ega kraja, regije in dr\u017eave. U\u010diteljica iz gr\u0161ke \u0161ole je predlagala, da bi eTwinning projekt prerastel v Erasmus+ projekt. Konec julija 2020 smo bili obve\u0161\u010deni, da je bila na\u0161a prijava uspe\u0161na.<\/p>\n\n\n\n<p>Na\u0161 dvoletni Erasmus+ projekt \u201cOur Cultures \u2013 Our Treasures\u201d (prevod: Na\u0161e kulture \u2013 na\u0161i zakladi) se osredoto\u010da na spodbujanje socialne vklju\u010denosti s pomo\u010djo kulturne raznolikosti. Pri tem bodo tako u\u010ditelji kot tudi u\u010denci izmenjali dobre prakse ter ob tem razvijali ob\u010dutek vklju\u010denosti med partnerji.<\/p>\n\n\n\n<p>Glavna cilja projekta sta pove\u010dati socialno in izobra\u017eevalno vrednost Evropske kulturne dedi\u0161\u010dine ter spodbujanje socialne vklju\u010denosti u\u010dencev, podpiranje prikraj\u0161anih in spodbujati raznolikost ter enakost z uporabo kulturno ob\u010dutljivih predago\u0161kih pristopov.<\/p>\n\n\n\n<p>Tako bomo skozi dve leti raziskovali 4 pomembna podro\u010dja kulturne dedi\u0161\u010dine:<\/p>\n\n\n\n<ul class=\"wp-block-list\"><li>tradicionalni plesi in glasba<\/li><li>muzeji in spomeniki<\/li><li>pravljice<\/li><li>tradicionalna kulinarika.<\/li><\/ul>\n\n\n\n<p style=\"font-size:25px\"><strong>Partnerji v projektu<\/strong><\/p>\n\n\n\n<p style=\"font-size:17px\"><strong>Slovenija:<\/strong> O\u0160 Ra\u010de je koordinatorica projekta<\/p>\n\n\n\n<figure class=\"wp-block-image size-large is-resized\"><img loading=\"lazy\" decoding=\"async\" src=\"https:\/\/www.osrace.si\/files\/2020\/10\/mini-1-7.jpg\" alt=\"\" class=\"wp-image-7175\" width=\"313\" height=\"176\" \/><\/figure>\n\n\n\n<p style=\"font-size:17px\"><strong>Gr\u010dija:<\/strong> 4\u03bf Dimotiko Sholio Edessas, kraj Edessa<\/p>\n\n\n\n<figure class=\"wp-block-image size-large is-resized\"><img loading=\"lazy\" decoding=\"async\" src=\"https:\/\/www.osrace.si\/files\/2020\/10\/greek-school-2-1-1024x576.jpg\" alt=\"\" class=\"wp-image-7177\" width=\"311\" height=\"173\" \/><\/figure>\n\n\n\n<p style=\"font-size:17px\"><strong>Estonija:<\/strong> P\u00e4rnu Kuninga T\u00e4nava P\u00f5hikool, kraj P\u00e4rnu<\/p>\n\n\n\n<figure class=\"wp-block-image size-large is-resized\"><img loading=\"lazy\" decoding=\"async\" src=\"https:\/\/www.osrace.si\/files\/2020\/10\/Estonian-school-1024x512.jpg\" alt=\"\" class=\"wp-image-7143\" width=\"305\" height=\"153\" \/><\/figure>\n\n\n\n<p style=\"font-size:17px\"><strong>Portugalska:<\/strong> EBI Francisco Ferreira Drummond, kraj Angra do Hero\u00edsmo<\/p>\n\n\n\n<figure class=\"wp-block-image size-large is-resized\"><img loading=\"lazy\" decoding=\"async\" src=\"https:\/\/www.osrace.si\/files\/2020\/10\/mini-Portugal-school-1.jpg\" alt=\"\" class=\"wp-image-7145\" width=\"311\" height=\"147\" \/><\/figure>\n\n\n\n<p style=\"font-size:17px\"><strong>\u0160panija:<\/strong> CEIP Cruceiro de Canido, kraj Ferrol<\/p>\n\n\n\n<figure class=\"wp-block-image size-large is-resized\"><img loading=\"lazy\" decoding=\"async\" src=\"https:\/\/www.osrace.si\/files\/2020\/10\/mini-Spanish-school-3.jpg\" alt=\"\" class=\"wp-image-7147\" width=\"311\" height=\"233\" \/><\/figure>\n","protected":false},"excerpt":{"rendered":"<p>V \u0161olskem letu 2019\/20 se je skupina otrok, ki jih je dru\u017eilo zanimanje za povezovanje z u\u010denci iz drugih evropskih \u0161ol, odlo\u010dila za sodelovanje v eTwinning projektu, v katerem so imeli mo\u017enost raziskovati kulturo na\u0161ega kraja, regije in dr\u017eave. U\u010diteljica iz gr\u0161ke \u0161ole je predlagala, da bi eTwinning projekt prerastel v Erasmus+ projekt. Konec julija [&hellip;]<\/p>\n","protected":false},"author":59991,"featured_media":0,"comment_status":"closed","ping_status":"closed","sticky":false,"template":"","format":"standard","meta":{"_et_pb_use_builder":"off","_et_pb_old_content":"","_et_gb_content_width":"","ngg_post_thumbnail":0,"footnotes":"","_expiration-date-status":"saved","_expiration-date":0,"_expiration-date-type":"","_expiration-date-categories":[],"_expiration-date-options":[]},"categories":[59],"tags":[],"class_list":["post-7133","post","type-post","status-publish","format-standard","hentry","category-erasmus"],"_links":{"self":[{"href":"https:\/\/www.osrace.si\/index.php?rest_route=\/wp\/v2\/posts\/7133","targetHints":{"allow":["GET"]}}],"collection":[{"href":"https:\/\/www.osrace.si\/index.php?rest_route=\/wp\/v2\/posts"}],"about":[{"href":"https:\/\/www.osrace.si\/index.php?rest_route=\/wp\/v2\/types\/post"}],"author":[{"embeddable":true,"href":"https:\/\/www.osrace.si\/index.php?rest_route=\/wp\/v2\/users\/59991"}],"replies":[{"embeddable":true,"href":"https:\/\/www.osrace.si\/index.php?rest_route=%2Fwp%2Fv2%2Fcomments&post=7133"}],"version-history":[{"count":8,"href":"https:\/\/www.osrace.si\/index.php?rest_route=\/wp\/v2\/posts\/7133\/revisions"}],"predecessor-version":[{"id":7305,"href":"https:\/\/www.osrace.si\/index.php?rest_route=\/wp\/v2\/posts\/7133\/revisions\/7305"}],"wp:attachment":[{"href":"https:\/\/www.osrace.si\/index.php?rest_route=%2Fwp%2Fv2%2Fmedia&parent=7133"}],"wp:term":[{"taxonomy":"category","embeddable":true,"href":"https:\/\/www.osrace.si\/index.php?rest_route=%2Fwp%2Fv2%2Fcategories&post=7133"},{"taxonomy":"post_tag","embeddable":true,"href":"https:\/\/www.osrace.si\/index.php?rest_route=%2Fwp%2Fv2%2Ftags&post=7133"}],"curies":[{"name":"wp","href":"https:\/\/api.w.org\/{rel}","templated":true}]}}